{"id":7132,"date":"2026-09-03T09:00:07","date_gmt":"2026-09-03T07:00:07","guid":{"rendered":"https:\/\/news.travel.orange.com\/quand-partir-albanie"},"modified":"2026-09-03T09:00:07","modified_gmt":"2026-09-03T07:00:07","slug":"quand-partir-albanie","status":"publish","type":"post","link":"https:\/\/news.travel.orange.com\/fr\/quand-partir-albanie","title":{"rendered":"Quand partir en Albanie ? Climat et meilleure p\u00e9riode"},"content":{"rendered":"<style>.sayna-article .quick,.sayna-article .tip{background:#f4f7fb;border-left:4px solid #467AFF;border-radius:8px;padding:14px 18px;margin:20px 0}.sayna-article .tip{background:#fff7ef;border-left-color:#ff7900}.sayna-article .h{font-weight:700;font-size:1.05em;margin-bottom:6px;color:#0a0a0b}.sayna-article table{border-collapse:collapse;width:100%;margin:18px 0}.sayna-article th{background:#eef1f7;text-align:left;padding:10px 12px;font-weight:700;border-bottom:2px solid #dfe3ec}.sayna-article td{padding:10px 12px;border-bottom:1px solid #eef1f7}.sayna-article .faq details{border-bottom:1px solid #e5e8ee;padding:4px 0}.sayna-article .faq summary{font-weight:600;cursor:pointer;padding:9px 0}.sayna-article .cta-box{background:#fff5ec;border:1px solid #ffd8b0;border-radius:12px;padding:22px;text-align:center;margin:26px 0}.sayna-article .cta-box a{display:inline-block;background:#ff7900;color:#fff;padding:12px 26px;border-radius:8px;text-decoration:none;font-weight:700;margin-top:8px}<\/style>\n<div class=\"sayna-article\">\n<div class=\"quick\">\n<div class=\"h\">\u26a1 En bref<\/div>\n<p>La meilleure p\u00e9riode pour <strong>partir en Albanie<\/strong>, c&#8217;est <strong>mai-juin<\/strong> et <strong>septembre-octobre<\/strong> : 22 \u00e0 28 \u00b0C, mer chaude en septembre, moins de monde et des prix plus doux qu&#8217;en plein \u00e9t\u00e9. <strong>Juillet-ao\u00fbt<\/strong> pour la plage assum\u00e9e mais bond\u00e9e. <strong>Hiver<\/strong> pluvieux, r\u00e9serv\u00e9 aux villes et \u00e0 la culture. Pour la <strong>randonn\u00e9e<\/strong> dans les Alpes albanaises, visez juin ou septembre.<\/p>\n<div class=\"tip\"><span class=\"h\">Rester connect\u00e9 sur place<\/span> Activez votre <a href=\"https:\/\/travel.orange.com\/fr\/acheter-une-sim\/offres\/albanie\">eSIM Albanie<\/a> avant le d\u00e9part : activation 100% en ligne, sans carte physique \u00e0 changer.<\/div>\n<\/div>\n<nav aria-label=\"Sommaire\" class=\"toc\">\n<div class=\"h\">Sommaire<\/div>\n<ol>\n<li><a href=\"#resume\">La meilleure p\u00e9riode en une phrase<\/a><\/li>\n<li><a href=\"#saisons\">Les quatre saisons en Albanie<\/a><\/li>\n<li><a href=\"#mois\">Le climat mois par mois<\/a><\/li>\n<li><a href=\"#plage\">Quand partir pour la plage<\/a><\/li>\n<li><a href=\"#rando\">Quand partir pour la randonn\u00e9e<\/a><\/li>\n<li><a href=\"#eviter\">La p\u00e9riode \u00e0 \u00e9viter<\/a><\/li>\n<li><a href=\"#connecte\">Pr\u00e9parer ses dates et rester connect\u00e9<\/a><\/li>\n<\/ol>\n<\/nav>\n<p>L&#8217;Albanie tient dans un mouchoir de poche : de la neige des Alpes albanaises aux plages ioniennes, il y a moins de quatre heures de route. R\u00e9sultat, il n&#8217;existe pas une seule \u00ab bonne p\u00e9riode \u00bb, mais une par type de voyage.<\/p>\n<p>Voici le point complet, sans langue de bois, pour caler vos dates selon ce que vous venez chercher : le farniente sur la Riviera, la rando en montagne ou les villes-mus\u00e9es.<\/p>\n<h2 id=\"resume\">La meilleure p\u00e9riode en une phrase<\/h2>\n<p>Si vous ne deviez retenir qu&#8217;une chose : <strong>mai, juin, septembre et d\u00e9but octobre<\/strong> sont les mois parfaits. Vous avez le soleil, la mer se baigne (surtout en septembre), les sentiers sont praticables, et vous \u00e9vitez la foule et les prix gonfl\u00e9s de l&#8217;\u00e9t\u00e9.<\/p>\n<p>Mai et septembre sont mes deux pr\u00e9f\u00e9r\u00e9s. En mai, la campagne est verte et fleurie apr\u00e8s les pluies de printemps. En septembre, la mer a emmagasin\u00e9 la chaleur de l&#8217;\u00e9t\u00e9 et reste \u00e0 plus de 24 \u00b0C, alors que les familles sont reparties. C&#8217;est le meilleur rapport qualit\u00e9-prix de l&#8217;ann\u00e9e.<\/p>\n<h2 id=\"saisons\">Les quatre saisons en Albanie<\/h2>\n<p>Le pays a un climat m\u00e9diterran\u00e9en sur la c\u00f4te et plus continental \u00e0 l&#8217;int\u00e9rieur. Voici comment se d\u00e9coupent les saisons, avec mon avis pour chacune.<\/p>\n<h3>Printemps (avril-juin)<\/h3>\n<p>La meilleure saison pour combiner tout. Les temp\u00e9ratures montent de 18 \u00e0 28 \u00b0C, les paysages sont verdoyants, et Butrint ou Berat se visitent sans transpirer. La mer se r\u00e9chauffe \u00e0 partir de juin. Avril reste variable, avec quelques averses.<\/p>\n<h3>\u00c9t\u00e9 (juillet-ao\u00fbt)<\/h3>\n<p>La haute saison, chaude et anim\u00e9e. Il fait 30 \u00e0 35 \u00b0C dans les plaines et \u00e0 Tirana, un peu moins sur la c\u00f4te gr\u00e2ce \u00e0 la brise. C&#8217;est le moment de la plage, mais aussi celui des plages bond\u00e9es \u00e0 Ksamil, des prix au plus haut et des routes de la Riviera embouteill\u00e9es le week-end.<\/p>\n<h3>Automne (septembre-octobre)<\/h3>\n<p>Ma p\u00e9riode favorite avec le printemps. Septembre garde l&#8217;\u00e9t\u00e9 sans sa foule ; octobre est doux et lumineux, id\u00e9al pour les villes et la rando, m\u00eame si la baignade devient plus fra\u00eeche en fin de mois.<\/p>\n<h3>Hiver (novembre-mars)<\/h3>\n<p>Humide et pluvieux, surtout en d\u00e9cembre et janvier. La c\u00f4te tourne au ralenti et beaucoup de restaurants de la Riviera ferment. En revanche, Tirana, Berat et Gjirokast\u00ebr se visitent tr\u00e8s bien, et les montagnes se couvrent de neige, avec m\u00eame une petite station de ski \u00e0 Dardh\u00eb.<\/p>\n<h2 id=\"mois\">Le climat mois par mois<\/h2>\n<p>Pour trancher selon vos dates, voici un rep\u00e8re simple, mois par mois, sur la c\u00f4te sud et \u00e0 Tirana.<\/p>\n<table>\n<thead>\n<tr>\n<th>Mois<\/th>\n<th>Temp\u00e9ratures<\/th>\n<th>Mer<\/th>\n<th>Notre avis<\/th>\n<\/tr>\n<\/thead>\n<tbody>\n<tr>\n<td>Avril<\/td>\n<td>15-20 \u00b0C<\/td>\n<td>Fra\u00eeche (16 \u00b0C)<\/td>\n<td>Villes &amp; nature<\/td>\n<\/tr>\n<tr>\n<td>Mai<\/td>\n<td>20-25 \u00b0C<\/td>\n<td>18-19 \u00b0C<\/td>\n<td>\u2605 Id\u00e9al<\/td>\n<\/tr>\n<tr>\n<td>Juin<\/td>\n<td>25-30 \u00b0C<\/td>\n<td>22-23 \u00b0C<\/td>\n<td>\u2605 Id\u00e9al<\/td>\n<\/tr>\n<tr>\n<td>Juillet<\/td>\n<td>30-35 \u00b0C<\/td>\n<td>25 \u00b0C<\/td>\n<td>Plage, foule<\/td>\n<\/tr>\n<tr>\n<td>Ao\u00fbt<\/td>\n<td>30-35 \u00b0C<\/td>\n<td>26 \u00b0C<\/td>\n<td>Plage, foule max<\/td>\n<\/tr>\n<tr>\n<td>Septembre<\/td>\n<td>25-30 \u00b0C<\/td>\n<td>24-25 \u00b0C<\/td>\n<td>\u2605 Id\u00e9al<\/td>\n<\/tr>\n<tr>\n<td>Octobre<\/td>\n<td>18-24 \u00b0C<\/td>\n<td>21 \u00b0C<\/td>\n<td>Doux, calme<\/td>\n<\/tr>\n<tr>\n<td>Nov-Mars<\/td>\n<td>8-16 \u00b0C<\/td>\n<td>&lt; 16 \u00b0C<\/td>\n<td>Villes, pluie<\/td>\n<\/tr>\n<\/tbody>\n<\/table>\n<h2 id=\"plage\">Quand partir pour la plage et la Riviera<\/h2>\n<p>La saison de baignade court de <strong>juin \u00e0 d\u00e9but octobre<\/strong>. L&#8217;eau d\u00e9passe 20 \u00b0C d\u00e8s juin et grimpe \u00e0 26 \u00b0C en ao\u00fbt. Sur la Riviera sud, entre Dh\u00ebrmi, Himar\u00eb et Ksamil, l&#8217;eau reste baignable jusqu&#8217;\u00e0 la mi-octobre.<\/p>\n<p>Mon conseil de timing : visez <strong>la premi\u00e8re quinzaine de juin<\/strong> ou <strong>septembre<\/strong>. Vous avez la mer chaude sans la cohue. En juillet-ao\u00fbt, les plages de Ksamil affichent complet d\u00e8s 10 h, et il faut louer un transat t\u00f4t pour esp\u00e9rer une place. Les criques moins accessibles de Gjipe ou Kakome restent votre meilleure d\u00e9fense contre la foule en pleine saison.<\/p>\n<h2 id=\"rando\">Quand partir pour la randonn\u00e9e en montagne<\/h2>\n<p>Les Alpes albanaises, autour de <strong>Theth et Valbona<\/strong>, se randonnent de mai \u00e0 octobre. Mais la fen\u00eatre vraiment confortable, c&#8217;est <strong>juin et septembre<\/strong>.<\/p>\n<p>En juillet-ao\u00fbt, les sentiers sont d\u00e9gag\u00e9s mais il fait lourd et les refuges sont pleins. En mai, la neige peut encore bloquer les cols en altitude, et le c\u00e9l\u00e8bre passage de Theth \u00e0 Valbona n&#8217;est en g\u00e9n\u00e9ral praticable en s\u00e9curit\u00e9 qu&#8217;\u00e0 partir du d\u00e9but juin. V\u00e9rifiez l&#8217;\u00e9tat des cols avant de vous lancer, la couverture r\u00e9seau est faible l\u00e0-haut et une info \u00e0 jour vaut de l&#8217;or.<\/p>\n<div class=\"tip\">\n<div class=\"h\">\ud83d\udca1 \u00c0 retenir : choisir ses dates<\/div>\n<ul>\n<li>Mai-juin et septembre-octobre : le meilleur compromis m\u00e9t\u00e9o, prix et affluence.<\/li>\n<li>Septembre bat juillet pour la plage : mer aussi chaude, deux fois moins de monde.<\/li>\n<li>Juin et septembre pour les Alpes albanaises (Theth, Valbona).<\/li>\n<li>Hiver humide sur la c\u00f4te : r\u00e9servez-le aux villes et \u00e0 la culture.<\/li>\n<li>En haute saison, r\u00e9servez logements et location de voiture plusieurs semaines \u00e0 l&#8217;avance.<\/li>\n<\/ul>\n<\/div>\n<h2 id=\"eviter\">La p\u00e9riode \u00e0 \u00e9viter (selon votre voyage)<\/h2>\n<p>Il n&#8217;y a pas de mauvaise p\u00e9riode dans l&#8217;absolu, mais des erreurs de calendrier. Deux \u00e0 conna\u00eetre.<\/p>\n<p>Si vous venez pour la plage, <strong>\u00e9vitez le 1er au 15 ao\u00fbt<\/strong> : c&#8217;est le pic absolu de fr\u00e9quentation, tir\u00e9 par les Albanais de la diaspora qui rentrent au pays. Prix, foule et embouteillages culminent. Si vous venez pour les villes et la culture, <strong>\u00e9vitez d\u00e9cembre-janvier<\/strong> pour la Riviera, o\u00f9 presque tout est ferm\u00e9, et concentrez-vous sur l&#8217;int\u00e9rieur.<\/p>\n<h2 id=\"connecte\">Pr\u00e9parer ses dates et rester connect\u00e9<\/h2>\n<p>Une fois vos dates cal\u00e9es, la logistique se pr\u00e9pare en ligne : billets de bus interurbains, location de voiture, r\u00e9servations de guesthouses. Et sur place, entre le GPS dans les vall\u00e9es et la traduction depuis l&#8217;alphabet local, une connexion fiable change tout.<\/p>\n<p>Plut\u00f4t que de chercher une carte SIM \u00e0 l&#8217;a\u00e9roport de Tirana ou de subir le roaming hors Union europ\u00e9enne, activez une <a class=\"cta-inline\" href=\"https:\/\/travel.orange.com\/fr\/acheter-une-sim\/offres\/albanie\">eSIM Albanie<\/a> avant le d\u00e9part. Vous \u00eates connect\u00e9 d\u00e8s l&#8217;atterrissage, sur le r\u00e9seau 4G\/5G local.<\/p>\n<p>Avec Orange, le service de <strong>plus de 300 millions de clients<\/strong>, vous voyagez l&#8217;esprit tranquille : <strong>+200 destinations<\/strong> couvertes gr\u00e2ce \u00e0 nos accords de roaming, assistance humaine <strong>24\/7<\/strong>, et <strong>100 % rembours\u00e9<\/strong> si vous n&#8217;utilisez pas votre eSIM.<\/p>\n<div class=\"cta-box\">\n<p>Pr\u00eat \u00e0 profiter de l&#8217;Albanie connect\u00e9 d\u00e8s l&#8217;arriv\u00e9e ?<\/p>\n<p><a href=\"https:\/\/travel.orange.com\/fr\/acheter-une-sim\/offres\/albanie\">D\u00e9couvrir l&#8217;eSIM Albanie Orange Travel<\/a>\n<\/div>\n<section aria-label=\"Questions fr\u00e9quentes\" class=\"faq\">\n<h2>Questions fr\u00e9quentes<\/h2>\n<details open=\"\">\n<summary>Quelle est la meilleure p\u00e9riode pour partir en Albanie ?<\/summary>\n<div class=\"a\">Mai-juin et septembre-octobre offrent le meilleur \u00e9quilibre : temp\u00e9ratures douces de 22 \u00e0 28 \u00b0C, mer encore chaude en septembre, prix plus bas et sites moins bond\u00e9s que juillet-ao\u00fbt.<\/div>\n<\/details>\n<details open=\"\">\n<summary>Quand se baigner en Albanie ?<\/summary>\n<div class=\"a\">La saison de baignade s&#8217;\u00e9tend de juin \u00e0 d\u00e9but octobre. L&#8217;eau d\u00e9passe 20 \u00b0C en juillet et ao\u00fbt, et reste agr\u00e9able jusqu&#8217;\u00e0 mi-octobre sur la Riviera sud, autour de Ksamil et Dh\u00ebrmi.<\/div>\n<\/details>\n<details open=\"\">\n<summary>Peut-on visiter l&#8217;Albanie en hiver ?<\/summary>\n<div class=\"a\">Oui, pour les villes et la culture. Tirana, Berat et Gjirokast\u00ebr se visitent toute l&#8217;ann\u00e9e. L&#8217;hiver est humide et pluvieux, surtout en d\u00e9cembre et janvier, et la Riviera tourne au ralenti avec de nombreux commerces ferm\u00e9s.<\/div>\n<\/details>\n<details open=\"\">\n<summary>Fait-il trop chaud en Albanie en ao\u00fbt ?<\/summary>\n<div class=\"a\">Ao\u00fbt est le mois le plus chaud, avec 30 \u00e0 35 \u00b0C dans les plaines et \u00e0 Tirana. La c\u00f4te reste supportable gr\u00e2ce \u00e0 la brise marine, mais les plages de Ksamil sont bond\u00e9es et les prix au plus haut.<\/div>\n<\/details>\n<details open=\"\">\n<summary>Quand partir en Albanie pour la randonn\u00e9e ?<\/summary>\n<div class=\"a\">De mai \u00e0 octobre. Juin et septembre sont id\u00e9aux pour les Alpes albanaises (Theth, Valbona) : sentiers d\u00e9gag\u00e9s, temp\u00e9ratures fra\u00eeches en altitude et refuges ouverts.<\/div>\n<\/details>\n<\/section>\n<\/div>\n","protected":false},"excerpt":{"rendered":"","protected":false},"author":30,"featured_media":7131,"comment_status":"closed","ping_status":"closed","sticky":false,"template":"","format":"standard","meta":{"_acf_changed":false,"_seopress_titles_title":"Quand partir en Albanie ? Climat et meilleure p\u00e9riode | Orange Travel","_seopress_titles_desc":"Quand partir en Albanie ? Climat mois par mois, meilleure p\u00e9riode pour la plage et la randonn\u00e9e, affluence et prix. Le guide pour bien choisir vos dates.","_seopress_robots_index":"","_seopress_robots_follow":"","_seopress_robots_imageindex":"","_seopress_robots_snippet":"","_seopress_robots_primary_cat":"","_seopress_robots_breadcrumbs":"","_seopress_robots_freeze_modified_date":"","_seopress_robots_custom_modified_date":"","_seopress_robots_canonical":"https:\/\/news.travel.orange.com\/fr\/quand-partir-albanie","_seopress_social_fb_title":"","_seopress_social_fb_desc":"","_seopress_social_fb_img":"","_seopress_social_fb_img_attachment_id":0,"_seopress_social_fb_img_width":0,"_seopress_social_fb_img_height":0,"_seopress_social_twitter_title":"","_seopress_social_twitter_desc":"","_seopress_social_twitter_img":"","_seopress_social_twitter_img_attachment_id":0,"_seopress_social_twitter_img_width":0,"_seopress_social_twitter_img_height":0,"_seopress_redirections_value":"","_seopress_redirections_enabled":"","_seopress_redirections_enabled_regex":"","_seopress_redirections_logged_status":"","_seopress_redirections_param":"","_seopress_redirections_type":0,"_seopress_analysis_target_kw":"","_seopress_news_disabled":"","_seopress_video_disabled":"","_seopress_video":[],"_seopress_pro_schemas_manual":[],"_seopress_pro_rich_snippets_disable_all":"","_seopress_pro_rich_snippets_disable":[],"_seopress_pro_schemas":[],"footnotes":""},"categories":[1],"tags":[],"class_list":["post-7132","post","type-post","status-publish","format-standard","has-post-thumbnail","category-tourisme","generate-columns","tablet-grid-50","mobile-grid-100","grid-parent","grid-33"],"lang":"fr","translations":{"fr":7132,"en":7134,"es":7136},"acf":[],"_links":{"self":[{"href":"https:\/\/news.travel.orange.com\/ot-json\/wp\/v2\/posts\/7132","targetHints":{"allow":["GET"]}}],"collection":[{"href":"https:\/\/news.travel.orange.com\/ot-json\/wp\/v2\/posts"}],"about":[{"href":"https:\/\/news.travel.orange.com\/ot-json\/wp\/v2\/types\/post"}],"author":[{"embeddable":true,"href":"https:\/\/news.travel.orange.com\/ot-json\/wp\/v2\/users\/30"}],"replies":[{"embeddable":true,"href":"https:\/\/news.travel.orange.com\/ot-json\/wp\/v2\/comments?post=7132"}],"version-history":[{"count":1,"href":"https:\/\/news.travel.orange.com\/ot-json\/wp\/v2\/posts\/7132\/revisions"}],"predecessor-version":[{"id":7137,"href":"https:\/\/news.travel.orange.com\/ot-json\/wp\/v2\/posts\/7132\/revisions\/7137"}],"wp:featuredmedia":[{"embeddable":true,"href":"https:\/\/news.travel.orange.com\/ot-json\/wp\/v2\/media\/7131"}],"wp:attachment":[{"href":"https:\/\/news.travel.orange.com\/ot-json\/wp\/v2\/media?parent=7132"}],"wp:term":[{"taxonomy":"category","embeddable":true,"href":"https:\/\/news.travel.orange.com\/ot-json\/wp\/v2\/categories?post=7132"},{"taxonomy":"post_tag","embeddable":true,"href":"https:\/\/news.travel.orange.com\/ot-json\/wp\/v2\/tags?post=7132"}],"curies":[{"name":"wp","href":"https:\/\/api.w.org\/{rel}","templated":true}]}}